{"id":2370,"date":"2026-08-14T09:33:29","date_gmt":"2026-08-14T05:33:29","guid":{"rendered":"https:\/\/imza.info\/?p=2370"},"modified":"2026-08-14T09:34:35","modified_gmt":"2026-08-14T05:34:35","slug":"azerbaycan-musiqisinin-efsanesi","status":"publish","type":"post","link":"https:\/\/imza.info\/?p=2370","title":{"rendered":"AZ\u018fRBAYCAN MUS\u0130Q\u0130S\u0130N\u0130N \u018fFSAN\u018fS\u0130"},"content":{"rendered":"<p class=\"isSelectedEnd\">R\u0259\u015fid Behbudov Az\u0259rbaycan musiqi v\u0259 s\u0259hn\u0259 s\u0259n\u0259tinin \u0259n b\u00f6y\u00fck simalar\u0131ndan biri, b\u0259nz\u0259rsiz s\u0259si v\u0259 \u00f6z\u00fcn\u0259m\u0259xsus ifa \u00fcslubu il\u0259 \u00f6lk\u0259mizin ad\u0131n\u0131 d\u00fcnyan\u0131n m\u00fcxt\u0259lif s\u0259hn\u0259l\u0259rind\u0259 tan\u0131dan b\u00f6y\u00fck s\u0259n\u0259tkar idi. O, 14 dekabr 1915-ci ild\u0259 Tiflisd\u0259 anadan olub. U\u015faql\u0131qdan musiqiy\u0259 b\u00f6y\u00fck maraq g\u00f6st\u0259r\u0259n s\u0259n\u0259tkar sonralar pe\u015f\u0259kar s\u0259hn\u0259y\u0259 g\u0259lmi\u015f v\u0259 q\u0131sa m\u00fcdd\u0259td\u0259 \u00f6z\u00fcn\u0259m\u0259xsus ifas\u0131 il\u0259 geni\u015f \u015f\u00f6hr\u0259t qazanm\u0131\u015fd\u0131.<\/p>\n<p class=\"isSelectedEnd\">R\u0259\u015fid Behbudovun yarad\u0131c\u0131l\u0131\u011f\u0131nda Az\u0259rbaycan b\u0259st\u0259karlar\u0131n\u0131n mahn\u0131lar\u0131, xalq mahn\u0131lar\u0131 v\u0259 mu\u011fam m\u00fch\u00fcm yer tuturdu. Onun s\u0259sind\u0259 milli musiqimizin inc\u0259liyi il\u0259 yana\u015f\u0131, b\u00f6y\u00fck vokal m\u0259d\u0259niyy\u0259ti v\u0259 s\u0259hn\u0259 temperamentinin v\u0259hd\u0259ti duyulurdu. S\u0259n\u0259tkar Az\u0259rbaycan musiqisini yaln\u0131z \u00f6lk\u0259 daxilind\u0259 deyil, Sovet \u0130ttifaq\u0131n\u0131n m\u00fcxt\u0259lif \u015f\u0259h\u0259rl\u0259rind\u0259, el\u0259c\u0259 d\u0259 \u0130ran, Hindistan, T\u00fcrkiy\u0259 v\u0259 bir s\u0131ra ba\u015fqa \u00f6lk\u0259l\u0259rd\u0259 b\u00f6y\u00fck u\u011furla t\u0259qdim edirdi.<\/p>\n<p class=\"isSelectedEnd\">R\u0259\u015fid Behbudovun s\u0259n\u0259t taleyind\u0259 kino da x\u00fcsusi yer tutur. Onu geni\u015f auditoriyaya tan\u0131dan \u0259sas \u0259s\u0259rl\u0259rd\u0259n biri 1956-c\u0131 ild\u0259 \u00e7\u0259kilmi\u015f <strong>\u201cAr\u015f\u0131n mal alan\u201d<\/strong> filmi oldu. \u018fsg\u0259r obraz\u0131n\u0131n ifas\u0131 s\u0259n\u0259tkar\u0131n yarad\u0131c\u0131l\u0131\u011f\u0131nda x\u00fcsusi m\u0259rh\u0259l\u0259 t\u0259\u015fkil etdi v\u0259 onun \u015f\u00f6hr\u0259tini daha da geni\u015fl\u0259ndirdi.<\/p>\n<p class=\"isSelectedEnd\">1960-c\u0131 ill\u0259rd\u0259 R\u0259\u015fid Behbudov r\u0259hb\u0259rlik etdiyi Az\u0259rbaycan D\u00f6vl\u0259t Mahn\u0131 Teatr\u0131 il\u0259 \u00f6z\u00fcn\u0259m\u0259xsus bir s\u0259n\u0259t m\u0259kt\u0259bi yaratd\u0131. Bu teatrda m\u00fcxt\u0259lif xalqlar\u0131n musiqil\u0259rin\u0259, Az\u0259rbaycan b\u0259st\u0259karlar\u0131n\u0131n \u0259s\u0259rl\u0259rin\u0259 v\u0259 xalq yarad\u0131c\u0131l\u0131\u011f\u0131 n\u00fcmun\u0259l\u0259rin\u0259 geni\u015f yer verilirdi.<\/p>\n<p>R\u0259\u015fid Behbudov 9 iyun 1989-cu ild\u0259 Moskvada v\u0259fat edib. Lakin onun s\u0259si, ifa etdiyi mahn\u0131lar v\u0259 yaratd\u0131\u011f\u0131 s\u0259n\u0259t \u0259n\u0259n\u0259si bu g\u00fcn d\u0259 ya\u015fay\u0131r. R\u0259\u015fid Behbudov Az\u0259rbaycan musiqisinin d\u00fcnyaya a\u00e7\u0131lan s\u0259sl\u0259rind\u0259n biri v\u0259 milli m\u0259d\u0259niyy\u0259timizin yadda\u015f\u0131nda \u0259b\u0259di ya\u015fayan s\u0259n\u0259tkard\u0131r.<\/p>\n<p>imza.info<\/p>\n","protected":false},"excerpt":{"rendered":"<p>R\u0259\u015fid Behbudov Az\u0259rbaycan musiqi v\u0259 s\u0259hn\u0259 s\u0259n\u0259tinin \u0259n b\u00f6y\u00fck simalar\u0131ndan biri, b\u0259nz\u0259rsiz s\u0259si v\u0259 \u00f6z\u00fcn\u0259m\u0259xsus ifa \u00fcslubu il\u0259 \u00f6lk\u0259mizin ad\u0131n\u0131 d\u00fcnyan\u0131n m\u00fcxt\u0259lif s\u0259hn\u0259l\u0259rind\u0259 tan\u0131dan b\u00f6y\u00fck s\u0259n\u0259tkar idi. O, 14 dekabr 1915-ci ild\u0259 Tiflisd\u0259 anadan olub. U\u015faql\u0131qdan musiqiy\u0259 b\u00f6y\u00fck maraq g\u00f6st\u0259r\u0259n s\u0259n\u0259tkar sonralar pe\u015f\u0259kar s\u0259hn\u0259y\u0259 g\u0259lmi\u015f v\u0259 q\u0131sa m\u00fcdd\u0259td\u0259 \u00f6z\u00fcn\u0259m\u0259xsus ifas\u0131 il\u0259 geni\u015f \u015f\u00f6hr\u0259t qazanm\u0131\u015fd\u0131. R\u0259\u015fid [&hellip;]<\/p>\n","protected":false},"author":2,"featured_media":2371,"comment_status":"open","ping_status":"open","sticky":false,"template":"","format":"standard","meta":{"footnotes":""},"categories":[36,46,1],"tags":[],"class_list":["post-2370","post","type-post","status-publish","format-standard","has-post-thumbnail","hentry","category-manset","category-mdniyyt","category-son-xbrlr"],"_links":{"self":[{"href":"https:\/\/imza.info\/index.php?rest_route=\/wp\/v2\/posts\/2370","targetHints":{"allow":["GET"]}}],"collection":[{"href":"https:\/\/imza.info\/index.php?rest_route=\/wp\/v2\/posts"}],"about":[{"href":"https:\/\/imza.info\/index.php?rest_route=\/wp\/v2\/types\/post"}],"author":[{"embeddable":true,"href":"https:\/\/imza.info\/index.php?rest_route=\/wp\/v2\/users\/2"}],"replies":[{"embeddable":true,"href":"https:\/\/imza.info\/index.php?rest_route=%2Fwp%2Fv2%2Fcomments&post=2370"}],"version-history":[{"count":2,"href":"https:\/\/imza.info\/index.php?rest_route=\/wp\/v2\/posts\/2370\/revisions"}],"predecessor-version":[{"id":2373,"href":"https:\/\/imza.info\/index.php?rest_route=\/wp\/v2\/posts\/2370\/revisions\/2373"}],"wp:featuredmedia":[{"embeddable":true,"href":"https:\/\/imza.info\/index.php?rest_route=\/wp\/v2\/media\/2371"}],"wp:attachment":[{"href":"https:\/\/imza.info\/index.php?rest_route=%2Fwp%2Fv2%2Fmedia&parent=2370"}],"wp:term":[{"taxonomy":"category","embeddable":true,"href":"https:\/\/imza.info\/index.php?rest_route=%2Fwp%2Fv2%2Fcategories&post=2370"},{"taxonomy":"post_tag","embeddable":true,"href":"https:\/\/imza.info\/index.php?rest_route=%2Fwp%2Fv2%2Ftags&post=2370"}],"curies":[{"name":"wp","href":"https:\/\/api.w.org\/{rel}","templated":true}]}}