{"id":2350,"date":"2026-08-10T00:21:00","date_gmt":"2026-08-09T20:21:00","guid":{"rendered":"https:\/\/imza.info\/?p=2350"},"modified":"2026-08-10T00:21:42","modified_gmt":"2026-08-09T20:21:42","slug":"cingiz-elioglunun-v%c9%99fati-il%c9%99-bagli","status":"publish","type":"post","link":"https:\/\/imza.info\/?p=2350","title":{"rendered":"\u00c7ingiz \u018flio\u011flunun v\u0259fat\u0131 il\u0259 ba\u011fl\u0131"},"content":{"rendered":"<p>&nbsp;<\/p>\n<p class=\"isSelectedEnd\">Az\u0259rbaycan \u0259d\u0259biyyat\u0131n\u0131n g\u00f6rk\u0259mli n\u00fcmay\u0259nd\u0259si, istedadl\u0131 \u015fair, t\u0259rc\u00fcm\u0259\u00e7i v\u0259 publisist, g\u00f6z\u0259l insan v\u0259 yax\u0131n dostum <strong>\u00c7ingiz \u018flio\u011flunun v\u0259fat\u0131<\/strong> x\u0259b\u0259rini b\u00f6y\u00fck k\u0259d\u0259r v\u0259 sars\u0131nt\u0131 il\u0259 qar\u015f\u0131lad\u0131m.<\/p>\n<p class=\"isSelectedEnd\">\u00c7ingiz \u018flio\u011flu Az\u0259rbaycan poeziyas\u0131n\u0131n \u00f6z\u00fcn\u0259m\u0259xsus d\u0259st-x\u0259tti, z\u0259ngin d\u00fcnyag\u00f6r\u00fc\u015f\u00fc v\u0259 s\u00f6z\u0259 m\u00fcnasib\u0259ti il\u0259 se\u00e7il\u0259n s\u0259n\u0259tkarlar\u0131ndan idi. Onun yarad\u0131c\u0131l\u0131\u011f\u0131 uzun ill\u0259r Az\u0259rbaycan \u0259d\u0259biyyat\u0131n\u0131n inki\u015faf\u0131na xidm\u0259t edib. O, yaln\u0131z yazd\u0131\u011f\u0131 \u0259s\u0259rl\u0259rl\u0259 deyil, \u015f\u0259xsiyy\u0259ti, s\u00f6hb\u0259tl\u0259ri, dostlu\u011fu v\u0259 h\u0259yata \u00f6z\u00fcn\u0259m\u0259xsus bax\u0131\u015f\u0131 il\u0259 d\u0259 yadda\u015flarda ya\u015fayacaq.<\/p>\n<p class=\"isSelectedEnd\">M\u0259nim \u00fc\u00e7\u00fcn \u00c7ingiz \u018flio\u011flu h\u0259m b\u00f6y\u00fck bir \u015fair, h\u0259m d\u0259 <strong>yax\u0131n v\u0259 \u0259ziz dost<\/strong> idi. Onunla ke\u00e7\u0259n s\u00f6hb\u0259tl\u0259r, g\u00f6r\u00fc\u015fl\u0259r, \u0259d\u0259biyyat v\u0259 h\u0259yat haqq\u0131nda d\u00fc\u015f\u00fcnc\u0259l\u0259r yadda\u015f\u0131mda h\u0259mi\u015f\u0259 ya\u015fayacaq. Bel\u0259 insanlar\u0131n yoxlu\u011fu yaln\u0131z ail\u0259si v\u0259 dostlar\u0131 \u00fc\u00e7\u00fcn deyil, b\u00fct\u00f6vl\u00fckd\u0259 \u0259d\u0259biyyat\u0131m\u0131z \u00fc\u00e7\u00fcn b\u00f6y\u00fck itkidir.<\/p>\n<p class=\"isSelectedEnd\">\u00c7ingiz \u018flio\u011flunun v\u0259fat\u0131 il\u0259 \u0259laq\u0259dar ail\u0259sin\u0259, do\u011fmalar\u0131na, yax\u0131nlar\u0131na, dostlar\u0131na v\u0259 b\u00fct\u00fcn Az\u0259rbaycan \u0259d\u0259bi ictimaiyy\u0259tin\u0259 d\u0259rin h\u00fcznl\u0259 ba\u015fsa\u011fl\u0131\u011f\u0131 verir\u0259m.<\/p>\n<p><strong>Allah r\u0259hm\u0259t el\u0259sin.<br \/>\nRuhu \u015fad olsun.<br \/>\n\u00c7ingiz \u018flio\u011flunun \u0259ziz xatir\u0259si Az\u0259rbaycan \u0259d\u0259biyyat\u0131nda v\u0259 onu tan\u0131yan insanlar\u0131n yadda\u015f\u0131nda daim ya\u015fayacaq.<\/strong><\/p>\n<p>sonsuz sevgil\u0259rl\u0259:X.Telmano\u011flu<\/p>\n","protected":false},"excerpt":{"rendered":"<p>&nbsp; Az\u0259rbaycan \u0259d\u0259biyyat\u0131n\u0131n g\u00f6rk\u0259mli n\u00fcmay\u0259nd\u0259si, istedadl\u0131 \u015fair, t\u0259rc\u00fcm\u0259\u00e7i v\u0259 publisist, g\u00f6z\u0259l insan v\u0259 yax\u0131n dostum \u00c7ingiz \u018flio\u011flunun v\u0259fat\u0131 x\u0259b\u0259rini b\u00f6y\u00fck k\u0259d\u0259r v\u0259 sars\u0131nt\u0131 il\u0259 qar\u015f\u0131lad\u0131m. \u00c7ingiz \u018flio\u011flu Az\u0259rbaycan poeziyas\u0131n\u0131n \u00f6z\u00fcn\u0259m\u0259xsus d\u0259st-x\u0259tti, z\u0259ngin d\u00fcnyag\u00f6r\u00fc\u015f\u00fc v\u0259 s\u00f6z\u0259 m\u00fcnasib\u0259ti il\u0259 se\u00e7il\u0259n s\u0259n\u0259tkarlar\u0131ndan idi. Onun yarad\u0131c\u0131l\u0131\u011f\u0131 uzun ill\u0259r Az\u0259rbaycan \u0259d\u0259biyyat\u0131n\u0131n inki\u015faf\u0131na xidm\u0259t edib. O, yaln\u0131z yazd\u0131\u011f\u0131 \u0259s\u0259rl\u0259rl\u0259 deyil, \u015f\u0259xsiyy\u0259ti, [&hellip;]<\/p>\n","protected":false},"author":2,"featured_media":2347,"comment_status":"open","ping_status":"open","sticky":false,"template":"","format":"standard","meta":{"footnotes":""},"categories":[36,1],"tags":[],"class_list":["post-2350","post","type-post","status-publish","format-standard","has-post-thumbnail","hentry","category-manset","category-son-xbrlr"],"_links":{"self":[{"href":"https:\/\/imza.info\/index.php?rest_route=\/wp\/v2\/posts\/2350","targetHints":{"allow":["GET"]}}],"collection":[{"href":"https:\/\/imza.info\/index.php?rest_route=\/wp\/v2\/posts"}],"about":[{"href":"https:\/\/imza.info\/index.php?rest_route=\/wp\/v2\/types\/post"}],"author":[{"embeddable":true,"href":"https:\/\/imza.info\/index.php?rest_route=\/wp\/v2\/users\/2"}],"replies":[{"embeddable":true,"href":"https:\/\/imza.info\/index.php?rest_route=%2Fwp%2Fv2%2Fcomments&post=2350"}],"version-history":[{"count":2,"href":"https:\/\/imza.info\/index.php?rest_route=\/wp\/v2\/posts\/2350\/revisions"}],"predecessor-version":[{"id":2352,"href":"https:\/\/imza.info\/index.php?rest_route=\/wp\/v2\/posts\/2350\/revisions\/2352"}],"wp:featuredmedia":[{"embeddable":true,"href":"https:\/\/imza.info\/index.php?rest_route=\/wp\/v2\/media\/2347"}],"wp:attachment":[{"href":"https:\/\/imza.info\/index.php?rest_route=%2Fwp%2Fv2%2Fmedia&parent=2350"}],"wp:term":[{"taxonomy":"category","embeddable":true,"href":"https:\/\/imza.info\/index.php?rest_route=%2Fwp%2Fv2%2Fcategories&post=2350"},{"taxonomy":"post_tag","embeddable":true,"href":"https:\/\/imza.info\/index.php?rest_route=%2Fwp%2Fv2%2Ftags&post=2350"}],"curies":[{"name":"wp","href":"https:\/\/api.w.org\/{rel}","templated":true}]}}