{"id":2333,"date":"2026-08-06T12:55:39","date_gmt":"2026-08-06T08:55:39","guid":{"rendered":"https:\/\/imza.info\/?p=2333"},"modified":"2026-08-06T12:56:11","modified_gmt":"2026-08-06T08:56:11","slug":"kitab-oxumaq-heyatimizdan-uzaqlasir","status":"publish","type":"post","link":"https:\/\/imza.info\/?p=2333","title":{"rendered":"K\u0130TAB OXUMAQ H\u018fYATIMIZDAN UZAQLA\u015eIR"},"content":{"rendered":"<p>&nbsp;<\/p>\n<p>M\u0259d\u0259niyy\u0259t yaln\u0131z teatr, muzey, musiqi v\u0259 ya r\u0259ssaml\u0131qdan ibar\u0259t deyil. H\u0259r bir xalq\u0131n m\u0259d\u0259ni s\u0259viyy\u0259sini m\u00fc\u0259yy\u0259n ed\u0259n \u0259sas g\u00f6st\u0259ricil\u0259rd\u0259n biri d\u0259 onun m\u00fctali\u0259 m\u0259d\u0259niyy\u0259tidir. Son ill\u0259r Az\u0259rbaycanda bu sah\u0259d\u0259 narahatl\u0131q do\u011furan bir tendensiya daha ayd\u0131n g\u00f6r\u00fcnm\u0259y\u0259 ba\u015flay\u0131b: kitab oxuma v\u0259rdi\u015fi t\u0259dric\u0259n z\u0259ifl\u0259yir.<\/p>\n<p>\u018flb\u0259tt\u0259, \u00f6lk\u0259d\u0259 h\u0259r il kitab s\u0259rgil\u0259ri ke\u00e7irilir, yeni n\u0259\u015frl\u0259r i\u015f\u0131q \u00fcz\u00fc g\u00f6r\u00fcr, yaz\u0131\u00e7\u0131lar oxucularla g\u00f6r\u00fc\u015f\u00fcr, kitabxanalar f\u0259aliyy\u0259t g\u00f6st\u0259rir. Lakin b\u00fct\u00fcn bunlara baxmayaraq, m\u00fctali\u0259nin g\u00fcnd\u0259lik h\u0259yat\u0131n ayr\u0131lmaz hiss\u0259sin\u0259 \u00e7evrildiyini s\u00f6yl\u0259m\u0259k \u00e7\u0259tindir.<\/p>\n<p>M\u00fcasir texnologiyalar insanlar\u0131n informasiya \u0259ld\u0259 etm\u0259 v\u0259rdi\u015fl\u0259rini d\u0259yi\u015fdirib. Sosial \u015f\u0259b\u0259k\u0259l\u0259r, q\u0131sa videolar v\u0259 s\u00fcr\u0259tli informasiya ax\u0131n\u0131 uzunm\u00fcdd\u0259tli m\u00fctali\u0259ni ikinci plana ke\u00e7irir. Bir ne\u00e7\u0259 d\u0259qiq\u0259lik video izl\u0259m\u0259k saatlarla kitab oxumaqdan daha c\u0259lbedici g\u00f6r\u00fcn\u00fcr. Bu is\u0259 t\u0259kc\u0259 oxu v\u0259rdi\u015fin\u0259 deyil, d\u00fc\u015f\u00fcnm\u0259, t\u0259hlil etm\u0259 v\u0259 z\u0259ngin s\u00f6z ehtiyat\u0131n\u0131n formala\u015fmas\u0131na da t\u0259sir g\u00f6st\u0259rir.<\/p>\n<p>Dig\u0259r m\u00fch\u00fcm m\u0259s\u0259l\u0259 kitab bazar\u0131n\u0131n v\u0259ziyy\u0259tidir. N\u0259\u015friyyatlar v\u0259 kitab sat\u0131\u015f\u0131 il\u0259 m\u0259\u015f\u011ful olanlar tez-tez bildirirl\u0259r ki, kitablar\u0131n tiraj\u0131 y\u00fcks\u0259k olmur, oxucu say\u0131 m\u0259hduddur. X\u00fcsusil\u0259 b\u00f6lg\u0259l\u0259rd\u0259 kitab ma\u011fazalar\u0131n\u0131n azl\u0131\u011f\u0131 v\u0259 yeni n\u0259\u015frl\u0259r\u0259 \u00e7\u0131x\u0131\u015f imkanlar\u0131n\u0131n m\u0259hdudlu\u011fu bu problemin daha da d\u0259rinl\u0259\u015fm\u0259sin\u0259 s\u0259b\u0259b olur.<\/p>\n<p>M\u00fctali\u0259 m\u0259d\u0259niyy\u0259tinin z\u0259ifl\u0259m\u0259si yaln\u0131z \u0259d\u0259b<\/p>\n<p>iyyat\u0131n problemi deyil. Kitab oxuyan c\u0259miyy\u0259t daha geni\u015f d\u00fcnyag\u00f6r\u00fc\u015f\u00fcn\u0259, daha g\u00fccl\u00fc analitik d\u00fc\u015f\u00fcnc\u0259y\u0259 v\u0259 daha sa\u011flam ictimai m\u00fczakir\u0259 m\u0259d\u0259niyy\u0259tin\u0259 sahib olur. Bu bax\u0131mdan, kitab oxuma\u011f\u0131n azalmas\u0131 g\u0259l\u0259c\u0259k n\u0259sill\u0259rin intellektual inki\u015faf\u0131na da t\u0259sirsiz \u00f6t\u00fc\u015fm\u00fcr.<\/p>\n<p>Problemin h\u0259lli yaln\u0131z d\u00f6vl\u0259t qurumlar\u0131n\u0131n v\u0259 ya n\u0259\u015friyyatlar\u0131n \u00fcz\u0259rin\u0259 d\u00fc\u015fm\u00fcr. Ail\u0259, m\u0259kt\u0259b, universitet, media v\u0259 ictimai t\u0259\u015fkilatlar bu istiqam\u0259td\u0259 birg\u0259 f\u0259aliyy\u0259t g\u00f6st\u0259rm\u0259lidirl\u0259r. M\u0259kt\u0259bl\u0259rd\u0259 m\u00fctali\u0259 layih\u0259l\u0259rinin geni\u015fl\u0259ndirilm\u0259si, kitab festivallar\u0131n\u0131n regionlarda daha f\u0259al t\u0259\u015fkili, yerli m\u00fc\u0259llifl\u0259rin t\u0259bli\u011fi v\u0259 kitablar\u0131n \u0259l\u00e7atanl\u0131\u011f\u0131n\u0131n art\u0131r\u0131lmas\u0131 m\u00fch\u00fcm add\u0131mlar ola bil\u0259r.<\/p>\n<p>Bu g\u00fcn Az\u0259rbaycan\u0131n m\u0259d\u0259ni h\u0259yat\u0131nda diqq\u0259t t\u0259l\u0259b ed\u0259n m\u0259s\u0259l\u0259l\u0259rd\u0259n biri m\u0259hz m\u00fctali\u0259 m\u0259d\u0259niyy\u0259tinin qorunmas\u0131 v\u0259 inki\u015faf etdirilm\u0259sidir. \u00c7\u00fcnki kitab yaln\u0131z bilik m\u0259nb\u0259yi deyil, h\u0259m d\u0259 milli yadda\u015f\u0131n, dilin, d\u00fc\u015f\u00fcnc\u0259nin v\u0259 m\u0259d\u0259niyy\u0259tin \u0259n etibarl\u0131 da\u015f\u0131y\u0131c\u0131s\u0131d\u0131r. Kitab oxuyan c\u0259miyy\u0259t m\u0259d\u0259niyy\u0259tini d\u0259, tarixini d\u0259, g\u0259l\u0259c\u0259yini d\u0259 daha sa\u011flam \u015f\u0259kild\u0259 qurur.<\/p>\n<p>imza.info<\/p>\n","protected":false},"excerpt":{"rendered":"<p>&nbsp; M\u0259d\u0259niyy\u0259t yaln\u0131z teatr, muzey, musiqi v\u0259 ya r\u0259ssaml\u0131qdan ibar\u0259t deyil. H\u0259r bir xalq\u0131n m\u0259d\u0259ni s\u0259viyy\u0259sini m\u00fc\u0259yy\u0259n ed\u0259n \u0259sas g\u00f6st\u0259ricil\u0259rd\u0259n biri d\u0259 onun m\u00fctali\u0259 m\u0259d\u0259niyy\u0259tidir. Son ill\u0259r Az\u0259rbaycanda bu sah\u0259d\u0259 narahatl\u0131q do\u011furan bir tendensiya daha ayd\u0131n g\u00f6r\u00fcnm\u0259y\u0259 ba\u015flay\u0131b: kitab oxuma v\u0259rdi\u015fi t\u0259dric\u0259n z\u0259ifl\u0259yir. \u018flb\u0259tt\u0259, \u00f6lk\u0259d\u0259 h\u0259r il kitab s\u0259rgil\u0259ri ke\u00e7irilir, yeni n\u0259\u015frl\u0259r i\u015f\u0131q \u00fcz\u00fc g\u00f6r\u00fcr, [&hellip;]<\/p>\n","protected":false},"author":2,"featured_media":2334,"comment_status":"open","ping_status":"open","sticky":false,"template":"","format":"standard","meta":{"footnotes":""},"categories":[45,36,46,1],"tags":[],"class_list":["post-2333","post","type-post","status-publish","format-standard","has-post-thumbnail","hentry","category-edbiyyat","category-manset","category-mdniyyt","category-son-xbrlr"],"_links":{"self":[{"href":"https:\/\/imza.info\/index.php?rest_route=\/wp\/v2\/posts\/2333","targetHints":{"allow":["GET"]}}],"collection":[{"href":"https:\/\/imza.info\/index.php?rest_route=\/wp\/v2\/posts"}],"about":[{"href":"https:\/\/imza.info\/index.php?rest_route=\/wp\/v2\/types\/post"}],"author":[{"embeddable":true,"href":"https:\/\/imza.info\/index.php?rest_route=\/wp\/v2\/users\/2"}],"replies":[{"embeddable":true,"href":"https:\/\/imza.info\/index.php?rest_route=%2Fwp%2Fv2%2Fcomments&post=2333"}],"version-history":[{"count":2,"href":"https:\/\/imza.info\/index.php?rest_route=\/wp\/v2\/posts\/2333\/revisions"}],"predecessor-version":[{"id":2336,"href":"https:\/\/imza.info\/index.php?rest_route=\/wp\/v2\/posts\/2333\/revisions\/2336"}],"wp:featuredmedia":[{"embeddable":true,"href":"https:\/\/imza.info\/index.php?rest_route=\/wp\/v2\/media\/2334"}],"wp:attachment":[{"href":"https:\/\/imza.info\/index.php?rest_route=%2Fwp%2Fv2%2Fmedia&parent=2333"}],"wp:term":[{"taxonomy":"category","embeddable":true,"href":"https:\/\/imza.info\/index.php?rest_route=%2Fwp%2Fv2%2Fcategories&post=2333"},{"taxonomy":"post_tag","embeddable":true,"href":"https:\/\/imza.info\/index.php?rest_route=%2Fwp%2Fv2%2Ftags&post=2333"}],"curies":[{"name":"wp","href":"https:\/\/api.w.org\/{rel}","templated":true}]}}